{"id":3185,"date":"2021-11-01T18:05:06","date_gmt":"2021-11-02T01:05:06","guid":{"rendered":"https:\/\/newsroom.sephora.com\/sephora-anuncia-la-primera-campana-de-marcas-de-propiedad-de-personas-negras-para-apoyar-y-celebrar-la-belleza-negra-2\/"},"modified":"2022-10-07T09:28:12","modified_gmt":"2022-10-07T16:28:12","slug":"sephora-anuncia-la-primera-campana-de-marcas-de-propiedad-de-personas-negras-para-apoyar-y-celebrar-la-belleza-negra-2","status":"publish","type":"post","link":"https:\/\/newsroom.sephora.com\/es\/sephora-anuncia-la-primera-campana-de-marcas-de-propiedad-de-personas-negras-para-apoyar-y-celebrar-la-belleza-negra-2\/","title":{"rendered":"Sephora anuncia la primera campa\u00f1a de marcas de propiedad de personas negras para apoyar y celebrar la Belleza Negra"},"content":{"rendered":"\n<figure class=\"wp-block-image size-full\"><img loading=\"lazy\" decoding=\"async\" width=\"1000\" height=\"564\" src=\"http:\/\/35.83.95.92\/wp-content\/uploads\/2021\/11\/release-1.jpg\" alt=\"Foto de mujeres sonriendo y de una ni&#xF1;a aplic&#xE1;ndose l&#xE1;piz labial\" class=\"wp-image-550\" srcset=\"https:\/\/newsroom.sephora.com\/wp-content\/uploads\/2021\/11\/release-1.jpg 1000w, https:\/\/newsroom.sephora.com\/wp-content\/uploads\/2021\/11\/release-1-600x338.jpg 600w, https:\/\/newsroom.sephora.com\/wp-content\/uploads\/2021\/11\/release-1-300x169.jpg 300w, https:\/\/newsroom.sephora.com\/wp-content\/uploads\/2021\/11\/release-1-768x433.jpg 768w, https:\/\/newsroom.sephora.com\/wp-content\/uploads\/2021\/11\/release-1-370x209.jpg 370w, https:\/\/newsroom.sephora.com\/wp-content\/uploads\/2021\/11\/release-1-800x451.jpg 800w, https:\/\/newsroom.sephora.com\/wp-content\/uploads\/2021\/11\/release-1-20x11.jpg 20w, https:\/\/newsroom.sephora.com\/wp-content\/uploads\/2021\/11\/release-1-185x104.jpg 185w, https:\/\/newsroom.sephora.com\/wp-content\/uploads\/2021\/11\/release-1-740x417.jpg 740w, https:\/\/newsroom.sephora.com\/wp-content\/uploads\/2021\/11\/release-1-400x226.jpg 400w, https:\/\/newsroom.sephora.com\/wp-content\/uploads\/2021\/11\/release-1-85x48.jpg 85w\" sizes=\"auto, (max-width: 1000px) 100vw, 1000px\" \/><\/figure>\n<p>Hoy, Sephora dio a conocer su primera <a href=\"https:\/\/www.sephora.com\/beauty\/celebrate-black-beauty\">campa\u00f1a de marcas de propiedad de personas negras<\/a> para reconocer y celebrar a\u00fan m\u00e1s los aportes de la cultura Negra y las innovaciones de personas Negras a la industria de la belleza, junto con la excelente variedad de productos, disponibles para todos los clientes. La campa\u00f1a es posterior al lanzamiento, a principios de este mes, de un cortometraje titulado \u00abBlack Beauty is Beauty\u00bb y destaca a las marcas de propiedad de personas negras y de fundadores negros, como PATTERN by Tracee Ellis Ross, Briogeo, adwoa beauty, BREAD BEAUTY SUPPLY, Fenty Beauty, Forvr Mood, PAT McGRATH LABS, LYS Beauty, Danessa Myricks Beauty y Fashion Fair.<\/p>\n\n<p> \u00abMuchas de las herramientas, t\u00e9cnicas, looks ic\u00f3nicos y tendencias en belleza existen debido a la comunidad negra, y son impulsadas por las necesidades de la belleza negra y la innovaci\u00f3n\u00bb, coment\u00f3 Priya Venkatesh, vicepresidenta s\u00e9nior de promoci\u00f3n comercial de Sephora. \u00abSin embargo, estos aportes han sido hist\u00f3ricamente poco reconocidos o, para la mayor\u00eda, desconocidos. En Sephora, queremos avanzar, generar conciencia y educar con respecto al impacto de la belleza negra en nuestras vidas diarias. Esta campa\u00f1a destaca nuestras marcas de propiedad de personas negras, defiende la excelencia y la eficacia de sus productos innovadores, para todos los que compran productos de belleza de Sephora. A trav\u00e9s de esta campa\u00f1a, nuestro objetivo es hacer de la belleza un espacio m\u00e1s acogedor, solidario y participativo para todos\u00bb.\u00a0\u00a0<\/p>\n\n<p>Adem\u00e1s de la campa\u00f1a, Sephora tambi\u00e9n dio a conocer las siguientes iniciativas <strong>para apoyar sus compromisos actuales de diversidad, equidad e inclusi\u00f3n:<\/strong><\/p>\n\n<ul class=\"wp-block-list\"><li><strong>Kit de favoritos de Sephora:<\/strong> Sephora lanzar\u00e1 el primer kit de favoritos de Sephora con marcas de propiedad de personas negras, y los ingresos se destinar\u00e1n al compromiso del <a href=\"https:\/\/www.15percentpledge.org\/\">15 por ciento.<\/a> Entre las marcas participantes se encuentran adwoa beauty, BREAD BEAUTY SUPPLY, Briogeo, Fenty Beauty, Fenty Skin, PAT McGRATH LABS y Shani Darden Skin Care.<\/li><\/ul>\n<ul class=\"wp-block-list\"><li><strong>Sephora Accelerate 2022:<\/strong> a partir de hoy, est\u00e1n abiertas las <a href=\"https:\/\/sephoraaccelerate.com\/\">solicitudes<\/a>  para Sephora Accelerate 2022. Este programa crea una base, una red y un ecosistema para que las marcas se lancen y prosperen, y continuar\u00e1 concentr\u00e1ndose en las marcas que han sido fundadas por personas BIPOC o que sean propiedad de estas como parte del compromiso de Sephora de aumentar la representaci\u00f3n BIPOC en su variedad de productos. El programa continuar\u00e1 ofreciendo un s\u00f3lido plan de estudios a los miembros de Accelerate, que incluye mentor\u00eda, apoyo para la promoci\u00f3n comercial, financiamiento potencial y conexiones con inversionistas con el fin de apoyar a los fundadores para el lanzamiento y el crecimiento a largo plazo en Sephora.\u00a0<\/li><\/ul>\n<ul class=\"wp-block-list\"><li><strong>Black Beauty es un cortometraje que distingue la belleza: <\/strong> Sephora produjo recientemente el cortometraje \u00ab<a href=\"https:\/\/www.youtube.com\/watch?v=0iOdVGzNVaI\">Black Beauty is Beauty<\/a>\u00bb para resaltar los aportes poco reconocidos de la influencia de las personas negras en la industria de la belleza. En el spot de 60 segundos, Sephora tiene como objetivo educar, generar conciencia y provocar una conversaci\u00f3n sobre la valiosa historia de la belleza negra, al tiempo que invita a los espectadores a unirse a las iniciativas de Sephora para defender la belleza.<\/li><\/ul>\n<ul class=\"wp-block-list\"><li><strong>Sephora Color IQ:<\/strong> Sephora anunci\u00f3 que presentar\u00e1 su nuevo servicio de combinaci\u00f3n de bases Sephora Color iQ en la tienda. Este contar\u00e1 con una nueva tecnolog\u00eda de IA para ofrecer la mejor experiencia y para que todos los clientes encuentren su mejor combinaci\u00f3n de bases.La combinaci\u00f3n de tonos actual en la industria solo tiene en cuenta la profundidad y el subtono, mientras que la nueva tecnolog\u00eda Color iQ de Sephora tiene en cuenta la profundidad, el subtono y la saturaci\u00f3n para recomendar los mejores productos para combinar con los tonos de piel de los clientes. Color iQ de Sephora usa un algoritmo patentado de vanguardia que brinda a los clientes una serie de datos de m\u00e1s de 10.000 tonos de piel, para todos los rangos de tonos. Sephora actualmente ofrece m\u00e1s de 8.000 SKU de base y con la ayuda de esta herramienta que usa IA, nuestros asesores de belleza pueden ayudar a los clientes a encontrar la combinaci\u00f3n perfecta en minutos.<\/li><\/ul>\n<p><br\/>El concepto de equidad de Sephora tiene sus ra\u00edces en un cambio radical sostenido a trav\u00e9s de su plan integral que se conoce como <a href=\"https:\/\/www.sephora.com\/beauty\/diversity-and-inclusion\">Sephora D&amp;I Heart Journey.<\/a> El comercio minorista se ha comprometido a abordar la discriminaci\u00f3n y a fomentar la igualdad en todos los aspectos de su organizaci\u00f3n. Sephora continuar\u00e1 avanzando en todos los aspectos de su negocio, con una creciente y diversa variedad de marcas, y una experiencia de compra m\u00e1s inclusiva y equitativa para todos. Para obtener m\u00e1s informaci\u00f3n sobre el compromiso del comercio minorista y el reciente informe de progreso, visita nuestra <a href=\"https:\/\/www.sephoranewsroom.com\/racial-bias-in-retail-study\">sala de prensa<\/a>.<\/p>\n","protected":false},"excerpt":{"rendered":"<p>Hoy, Sephora dio a conocer su primera campa\u00f1a de marcas de propiedad de personas negras para reconocer y celebrar a\u00fan m\u00e1s los aportes de la cultura Negra y las innovaciones de personas Negras a la industria de la belleza.<\/p>\n","protected":false},"author":1,"featured_media":2727,"comment_status":"closed","ping_status":"closed","sticky":false,"template":"","format":"standard","meta":{"footnotes":"","_links_to":"","_links_to_target":""},"categories":[160,167],"tags":[],"sp_smart_badges":[],"thb-sponsors":[],"class_list":["post-3185","post","type-post","status-publish","format-standard","has-post-thumbnail","hentry","category-archivo","category-diversidad-equidad-e-inclusion"],"_links":{"self":[{"href":"https:\/\/newsroom.sephora.com\/es\/wp-json\/wp\/v2\/posts\/3185","targetHints":{"allow":["GET"]}}],"collection":[{"href":"https:\/\/newsroom.sephora.com\/es\/wp-json\/wp\/v2\/posts"}],"about":[{"href":"https:\/\/newsroom.sephora.com\/es\/wp-json\/wp\/v2\/types\/post"}],"author":[{"embeddable":true,"href":"https:\/\/newsroom.sephora.com\/es\/wp-json\/wp\/v2\/users\/1"}],"replies":[{"embeddable":true,"href":"https:\/\/newsroom.sephora.com\/es\/wp-json\/wp\/v2\/comments?post=3185"}],"version-history":[{"count":0,"href":"https:\/\/newsroom.sephora.com\/es\/wp-json\/wp\/v2\/posts\/3185\/revisions"}],"wp:featuredmedia":[{"embeddable":true,"href":"https:\/\/newsroom.sephora.com\/es\/wp-json\/wp\/v2\/media\/2727"}],"wp:attachment":[{"href":"https:\/\/newsroom.sephora.com\/es\/wp-json\/wp\/v2\/media?parent=3185"}],"wp:term":[{"taxonomy":"category","embeddable":true,"href":"https:\/\/newsroom.sephora.com\/es\/wp-json\/wp\/v2\/categories?post=3185"},{"taxonomy":"post_tag","embeddable":true,"href":"https:\/\/newsroom.sephora.com\/es\/wp-json\/wp\/v2\/tags?post=3185"},{"taxonomy":"sp_smart_badges","embeddable":true,"href":"https:\/\/newsroom.sephora.com\/es\/wp-json\/wp\/v2\/sp_smart_badges?post=3185"},{"taxonomy":"thb-sponsors","embeddable":true,"href":"https:\/\/newsroom.sephora.com\/es\/wp-json\/wp\/v2\/thb-sponsors?post=3185"}],"curies":[{"name":"wp","href":"https:\/\/api.w.org\/{rel}","templated":true}]}}