{"id":3732,"date":"2022-10-27T09:49:02","date_gmt":"2022-10-27T16:49:02","guid":{"rendered":"https:\/\/newsroom.sephora.com\/artemis-patrick-de-sephora-distinguida-en-circle-of-champions-2022-de-the-fragrance-foundation\/"},"modified":"2022-11-04T06:21:42","modified_gmt":"2022-11-04T13:21:42","slug":"artemis-patrick-de-sephora-distinguida-en-circle-of-champions-2022-de-the-fragrance-foundation","status":"publish","type":"post","link":"https:\/\/newsroom.sephora.com\/es\/artemis-patrick-de-sephora-distinguida-en-circle-of-champions-2022-de-the-fragrance-foundation\/","title":{"rendered":"Artemis Patrick de Sephora distinguida en Circle of Champion <br>2022 de The Fragrance Foundation"},"content":{"rendered":"\n<p>Los l\u00edderes de la industria de las fragancias se reunieron el martes por la noche en 583 Park Avenue para el evento de Circle of Champion 2022<em> de The Fragrance Foundation<\/em>. Fue una celebraci\u00f3n din\u00e1mica y conmovedora para rendir homenaje a la l\u00edder visionaria y apasionada <strong>Artemis Patrick<\/strong>, vicepresidenta ejecutiva y directora global de promoci\u00f3n comercial de Sephora.  La trayectoria profesional de la Sra. Patrick en Sephora, el omniminorista de prestigio m\u00e1s importante, se caracteriza por un compromiso constante con la diversidad, la equidad y la inclusi\u00f3n (DEI), y hace hincapi\u00e9 para que los fundadores y las marcas de propiedad de BIPOC est\u00e9n totalmente representados en las estanter\u00edas de las tiendas y que tengan acceso a oportunidades para el desarrollo y el crecimiento de la marca. <strong>Linda G. Levy<\/strong>, presidenta de The Fragrance Foundation, fue una de las principales personas de la industria en el homenaje a Ms. Patrick <strong>junto con Laura Slatkin<\/strong>, fundadora y presidenta ejecutiva de NEST Fragrances; <strong>Charlotte Holman-Ros<\/strong>, presidenta para Am\u00e9rica del Norte de Parfums Christian Dior; y <strong>Anish Melwani<\/strong>, presidente y director ejecutivo de LVMH Mo\u00ebt Hennessy Louis Vuitton Inc., Am\u00e9rica del Norte.\u00a0<\/p>\n\n<p><em>Circle of Champions<\/em> de TFF es una pieza clave de  la programaci\u00f3n anual de The Fragrance Foundation y una parte esencial de <strong>#FragranceForwardTFF<\/strong>, la extraordinaria iniciativa que abarca toda la industria y que se dedica a promover la diversidad, la equidad y la inclusi\u00f3n (DEI) en toda la industria de las fragancias y en cada nivel. #FragranceForwardTFF, que se lanz\u00f3 en el oto\u00f1o de 2021 y eval\u00faa las acciones en cuanto a contrataci\u00f3n, tutor\u00eda, capacitaci\u00f3n, desarrollo profesional y becas dirigidas a grupos hist\u00f3ricamente excluidos y subrepresentados, contin\u00faa teniendo un impacto de gran alcance.\u00a0<\/p>\n\n<p>\u00abArtemis Patrick es una verdadera l\u00edder y una socia de marca en pleno sentido. Como defensora con una larga trayectoria en diversidad, equidad e inclusi\u00f3n (DEI), ejerce un liderazgo en Sephora al tomar medidas pioneras y significativas. Artemis, una fuente de inspiraci\u00f3n para muchos, aprovecha estrat\u00e9gicamente su posici\u00f3n para garantizar que las fragancias que se ofrecen a los consumidores reflejen de manera m\u00e1s precisa a la poblaci\u00f3n de Estados Unidos. Por eso, ella es nuestra <em>homenajeada del Circle of Champion<\/em><em>2022<\/em>\u00ab, afirm\u00f3 Linda G. Levy.<\/p>\n\n<p>\u00abEs un gran honor lograr el reconocimiento de The Fragrance Foundation y recibir el premio<em>Circle of Champios Award<\/em>\u00ab, expres\u00f3 Artemis Patrick. \u00abLa categor\u00eda de fragancias contin\u00faa desempe\u00f1ando un rol fundamental en la experiencia de Sephora, y es apasionante ser testigo y desempe\u00f1ar un rol para impulsar la evoluci\u00f3n de esta categor\u00eda en Sephora y en la industria en general. En Sephora, la diversidad, la equidad y la inclusi\u00f3n son una prioridad en nuestro trabajo, y seguimos creando una experiencia minorista m\u00e1s inclusiva para nuestros clientes, empleados y socios de marca. Este premio, que acept\u00e9 en nombre de nuestro incre\u00edble equipo de comerciantes de fragancias, tambi\u00e9n simboliza mi pasi\u00f3n y mi compromiso para hacer cambios y generar progreso no solo como minorista, sino como alguien que se dedica personalmente a garantizar la inclusi\u00f3n y el acceso para que todos triunfen en nuestra industria\u00bb. <\/p>\n\n<p>Otro punto importante del evento fue la presentaci\u00f3n de las beneficiarias de la beca <strong><em>The Fragrance Foundation FIT Diversity Scholarship<\/em><\/strong>, <strong>Yasmin Hussain<\/strong>, estudiante universitaria y <strong>Monique McKenzie<\/strong>, graduada universtaria.Este programa de becas se anunci\u00f3 en el evento del a\u00f1o pasado para beneficiar al Fashion Institute of Technology (FIT) y a estudiantes de diversos or\u00edgenes que estuvieran interesados en seguir una carrera profesional relacionada con el \u00e1rea de las fragancias. El objetivo del premio acad\u00e9mico anual de $ 100,000 es beneficiar a los programas de capacitaci\u00f3n de cosm\u00e9ticos y fragancias de FIT en los niveles de pregrado y posgrado. <em>La Fragrance Foundation FIT Diversity Scholarship<\/em> es una inversi\u00f3n constante en el futuro de la industria y tambi\u00e9n un pilar de apoyo dirigido a la capacitaci\u00f3n centrada en la industria en FIT, para generar oportunidades para que los estudiantes de or\u00edgenes diversos soliciten ambos programas y asistan a estos.\u00a0<\/p>\n\n<p class=\"has-text-align-center\"><strong>Acerca de The Fragrance Foundation<\/strong><\/p>\n\n<p>The Fragrance Foundation es el principal recurso para la experiencia, la innovaci\u00f3n y la capacitaci\u00f3n de la industria. Con el objetivo de \u00abinspirar al mundo a descubrir el arte y la pasi\u00f3n de las fragancias\u00bb, The Fragrance Foundation se dedica a fomentar el talento, a celebrar la creatividad de los perfumistas, a hacer participar a los consumidores para que aprecien mejor el mundo de las fragancias y a impulsar la diversidad, la equidad y la inclusi\u00f3n. A trav\u00e9s de su iniciativa caracter\u00edstica, #FragranceForwardTFF, The Fragrance Foundation est\u00e1 haciendo que la industria sea accesible, agradable y diversa a trav\u00e9s del potencial colectivo de sus m\u00e1s de 90 miembros y de un compromiso permanente. Siga a The Fragrance Foundation en las redes sociales: @fragrancefoundation.<\/p>\n\n<p><\/p>\n\n<p><\/p>\n","protected":false},"excerpt":{"rendered":"<p>Los l\u00edderes de la industria de las fragancias se reunieron el martes por la noche en 583 Park Avenue para el evento de Circle of Champion 2022 de The Fragrance Foundation. Fue una celebraci\u00f3n din\u00e1mica y conmovedora para rendir homenaje a la l\u00edder visionaria y apasionada Artemis Patrick, vicepresidenta ejecutiva y directora global de promoci\u00f3n comercial de Sephora. <\/p>\n","protected":false},"author":1,"featured_media":3682,"comment_status":"closed","ping_status":"open","sticky":false,"template":"","format":"standard","meta":{"footnotes":"","_links_to":"","_links_to_target":""},"categories":[160,195],"tags":[],"sp_smart_badges":[],"thb-sponsors":[],"class_list":["post-3732","post","type-post","status-publish","format-standard","has-post-thumbnail","hentry","category-archivo","category-nuestra-gente"],"_links":{"self":[{"href":"https:\/\/newsroom.sephora.com\/es\/wp-json\/wp\/v2\/posts\/3732","targetHints":{"allow":["GET"]}}],"collection":[{"href":"https:\/\/newsroom.sephora.com\/es\/wp-json\/wp\/v2\/posts"}],"about":[{"href":"https:\/\/newsroom.sephora.com\/es\/wp-json\/wp\/v2\/types\/post"}],"author":[{"embeddable":true,"href":"https:\/\/newsroom.sephora.com\/es\/wp-json\/wp\/v2\/users\/1"}],"replies":[{"embeddable":true,"href":"https:\/\/newsroom.sephora.com\/es\/wp-json\/wp\/v2\/comments?post=3732"}],"version-history":[{"count":0,"href":"https:\/\/newsroom.sephora.com\/es\/wp-json\/wp\/v2\/posts\/3732\/revisions"}],"wp:featuredmedia":[{"embeddable":true,"href":"https:\/\/newsroom.sephora.com\/es\/wp-json\/wp\/v2\/media\/3682"}],"wp:attachment":[{"href":"https:\/\/newsroom.sephora.com\/es\/wp-json\/wp\/v2\/media?parent=3732"}],"wp:term":[{"taxonomy":"category","embeddable":true,"href":"https:\/\/newsroom.sephora.com\/es\/wp-json\/wp\/v2\/categories?post=3732"},{"taxonomy":"post_tag","embeddable":true,"href":"https:\/\/newsroom.sephora.com\/es\/wp-json\/wp\/v2\/tags?post=3732"},{"taxonomy":"sp_smart_badges","embeddable":true,"href":"https:\/\/newsroom.sephora.com\/es\/wp-json\/wp\/v2\/sp_smart_badges?post=3732"},{"taxonomy":"thb-sponsors","embeddable":true,"href":"https:\/\/newsroom.sephora.com\/es\/wp-json\/wp\/v2\/thb-sponsors?post=3732"}],"curies":[{"name":"wp","href":"https:\/\/api.w.org\/{rel}","templated":true}]}}