{"id":4529,"date":"2024-02-26T18:30:00","date_gmt":"2024-02-27T02:30:00","guid":{"rendered":"https:\/\/newsroom.sephora.com\/sephora-celebrates-bipoc-beauty-entrepreneurs-at-its-first-ever-impact-summit\/"},"modified":"2024-03-05T16:33:31","modified_gmt":"2024-03-06T00:33:31","slug":"sephora-celebrates-bipoc-beauty-entrepreneurs-at-its-first-ever-impact-summit","status":"publish","type":"post","link":"https:\/\/newsroom.sephora.com\/es\/sephora-celebrates-bipoc-beauty-entrepreneurs-at-its-first-ever-impact-summit\/","title":{"rendered":"Sephora celebra a los emprendedores de belleza BIPOC en su primera Cumbre de Impacto"},"content":{"rendered":"\n<p>Esta semana, Sephora Norteam\u00e9rica organiz\u00f3 su primera Cumbre de Impacto de Sephora, un evento innovador centrado en construir, apoyar y defender las marcas BIPOC dentro de la red del minorista. Este evento, celebrado los d\u00edas 26 y 27 de febrero, se cre\u00f3 para brindar un espacio dedicado para que los emprendedores BIPOC aprendan, se conecten y accedan a recursos valiosos para impulsar sus procesos empresariales, con asistentes que incluyen a la cohorte 2024 Sephora Accelerate, exalumnos y asesores de programas; marcas fundadas y de propiedad de personas BIPOC; miembros del escuadr\u00f3n Sephora; y ejecutivos de Sephora.<\/p>\n\n\n\n<p>\u00abComo l\u00edder mundial en la industria de la belleza, Sephora sigue comprometida con trabajar para que haya m\u00e1s diversidad e inclusi\u00f3n para todos, y ayudar a que nuestra creciente lista de marcas propiedad de personas BIPOC crezca y florezca es una parte clave de eso\u00bb, dijo Priya Venkatesh,&nbsp; directora global de comercializaci\u00f3n de Sephora. \u00abEstamos encantados de organizar la primera Cumbre de Impacto de Sephora como un momento dedicado a dar la bienvenida y empoderar a los emprendedores BIPOC con el conocimiento, la red y las oportunidades que necesitan para tener \u00e9xito\u00bb.<\/p>\n\n\n\n<p>La cumbre de dos d\u00edas cont\u00f3 con talleres espec\u00edficos, informaci\u00f3n de l\u00edderes de la industria y oportunidades de establecimiento de contactos para los asistentes, que incluyeron:&nbsp;<\/p>\n\n\n\n<ul class=\"wp-block-list\"><li>Discurso de apertura de Aurora James, fundadora de Brother Vellies y Fifteen Percent Pledge&nbsp;<\/li><li>Panel de discusi\u00f3n con l\u00edderes de la industria:\u202fCelessa Baker, vicepresidenta de mercadeo de marca, maquillaje y peluquer\u00eda de Sephora, moder\u00f3 una conversaci\u00f3n entre Amy Liu (Tower 28), Danessa Myricks (Danessa Myricks Beauty), Priyanka Ganjoo (Kulfi Beauty) y Alisa Carmichael (VMG Partners) sobre c\u00f3mo continuar el desarrollo y la construcci\u00f3n de la diversidad en la industria de la belleza.<\/li><li>Talleres personalizados dirigidos por el socio de medios TikTok y los mejores creadores de su clase.<\/li><\/ul>\n\n\n\n<p>\u00abEstamos orgullosos de seguir brindando a las marcas un escenario para mostrar su incre\u00edble trabajo, interactuar y aprender unos de otros y de la comunidad de Sephora en general\u00bb, agreg\u00f3 Venkatesh. \u00abTambi\u00e9n estamos agradecidos con socios como Nancy Twine por el apoyo continuo a esta comunidad de marcas, que cobr\u00f3 vida gracias a la subvenci\u00f3n Dream Makers Founder, que apoyar\u00e1 a los incre\u00edbles participantes de nuestro programa Accelerate\u00bb.<\/p>\n\n\n\n<p>Para obtener m\u00e1s informaci\u00f3n sobre el compromiso de Sephora con las marcas propiedad de personas BIPOC, visite newsroom.sephora.com.<\/p>\n","protected":false},"excerpt":{"rendered":"<p>Esta semana, Sephora Norteam\u00e9rica organiz\u00f3 su primera Cumbre de Impacto de Sephora, un evento innovador centrado en construir, apoyar y defender las marcas BIPOC dentro de la red del minorista.<\/p>\n","protected":false},"author":1,"featured_media":4526,"comment_status":"closed","ping_status":"open","sticky":false,"template":"","format":"standard","meta":{"footnotes":"","_links_to":"","_links_to_target":""},"categories":[166,173,168],"tags":[],"sp_smart_badges":[],"thb-sponsors":[],"class_list":["post-4529","post","type-post","status-publish","format-standard","has-post-thumbnail","hentry","category-comunicados-de-prensa","category-destacado","category-ultimas-noticias"],"_links":{"self":[{"href":"https:\/\/newsroom.sephora.com\/es\/wp-json\/wp\/v2\/posts\/4529","targetHints":{"allow":["GET"]}}],"collection":[{"href":"https:\/\/newsroom.sephora.com\/es\/wp-json\/wp\/v2\/posts"}],"about":[{"href":"https:\/\/newsroom.sephora.com\/es\/wp-json\/wp\/v2\/types\/post"}],"author":[{"embeddable":true,"href":"https:\/\/newsroom.sephora.com\/es\/wp-json\/wp\/v2\/users\/1"}],"replies":[{"embeddable":true,"href":"https:\/\/newsroom.sephora.com\/es\/wp-json\/wp\/v2\/comments?post=4529"}],"version-history":[{"count":2,"href":"https:\/\/newsroom.sephora.com\/es\/wp-json\/wp\/v2\/posts\/4529\/revisions"}],"predecessor-version":[{"id":4532,"href":"https:\/\/newsroom.sephora.com\/es\/wp-json\/wp\/v2\/posts\/4529\/revisions\/4532"}],"wp:featuredmedia":[{"embeddable":true,"href":"https:\/\/newsroom.sephora.com\/es\/wp-json\/wp\/v2\/media\/4526"}],"wp:attachment":[{"href":"https:\/\/newsroom.sephora.com\/es\/wp-json\/wp\/v2\/media?parent=4529"}],"wp:term":[{"taxonomy":"category","embeddable":true,"href":"https:\/\/newsroom.sephora.com\/es\/wp-json\/wp\/v2\/categories?post=4529"},{"taxonomy":"post_tag","embeddable":true,"href":"https:\/\/newsroom.sephora.com\/es\/wp-json\/wp\/v2\/tags?post=4529"},{"taxonomy":"sp_smart_badges","embeddable":true,"href":"https:\/\/newsroom.sephora.com\/es\/wp-json\/wp\/v2\/sp_smart_badges?post=4529"},{"taxonomy":"thb-sponsors","embeddable":true,"href":"https:\/\/newsroom.sephora.com\/es\/wp-json\/wp\/v2\/thb-sponsors?post=4529"}],"curies":[{"name":"wp","href":"https:\/\/api.w.org\/{rel}","templated":true}]}}